{"id":8537,"date":"2026-09-02T17:37:21","date_gmt":"2026-09-02T16:37:21","guid":{"rendered":"https:\/\/www.escritadigital.com\/site\/?p=8537"},"modified":"2026-09-03T09:16:47","modified_gmt":"2026-09-03T08:16:47","slug":"escrita-digital-e-xrp-na-14a-conferencia-de-gestao-de-frotas","status":"publish","type":"post","link":"https:\/\/www.escritadigital.com\/site\/escrita-digital-e-xrp-na-14a-conferencia-de-gestao-de-frotas\/","title":{"rendered":"Escrita Digital e XRP na 14\u00aa Confer\u00eancia de Gest\u00e3o de Frotas"},"content":{"rendered":"\t\t<div data-elementor-type=\"wp-post\" data-elementor-id=\"8537\" class=\"elementor elementor-8537\" data-elementor-settings=\"[]\">\n\t\t\t\t\t\t<div class=\"elementor-inner\">\n\t\t\t\t\t\t\t<div class=\"elementor-section-wrap\">\n\t\t\t\t\t\t\t<section class=\"elementor-section elementor-top-section elementor-element elementor-element-75876b36 elementor-section-boxed elementor-section-height-default elementor-section-height-default\" data-id=\"75876b36\" data-element_type=\"section\">\n\t\t\t\t\t\t<div class=\"elementor-container elementor-column-gap-default\">\n\t\t\t\t\t\t\t<div class=\"elementor-row\">\n\t\t\t\t\t<div class=\"elementor-column elementor-col-100 elementor-top-column elementor-element elementor-element-159a62c8\" data-id=\"159a62c8\" data-element_type=\"column\">\n\t\t\t<div class=\"elementor-column-wrap elementor-element-populated\">\n\t\t\t\t\t\t\t<div class=\"elementor-widget-wrap\">\n\t\t\t\t\t\t<div class=\"elementor-element elementor-element-1ba6e234 elementor-widget elementor-widget-text-editor\" data-id=\"1ba6e234\" data-element_type=\"widget\" data-widget_type=\"text-editor.default\">\n\t\t\t\t<div class=\"elementor-widget-container\">\n\t\t\t\t\t<div class=\"elementor-text-editor elementor-clearfix\"><p><b>Escrita Digital e XRP na 14\u00aa Confer\u00eancia de Gest\u00e3o de Frotas no Estoril<\/b><\/p><p>Tecnologia, inova\u00e7\u00e3o e gest\u00e3o eficiente voltam a estar no centro das aten\u00e7\u00f5es, com a Escrita Digital a levar ao encontro dos profissionais de frotas a experi\u00eancia e as \u00faltimas novidades do <strong>XRP<\/strong> | Frotas.<\/p><p>A gest\u00e3o de frotas est\u00e1 a atravessar uma profunda transforma\u00e7\u00e3o. A eletrifica\u00e7\u00e3o, a necessidade de controlar custos, a sustentabilidade, a digitaliza\u00e7\u00e3o dos processos e a crescente import\u00e2ncia dos dados est\u00e3o a alterar a forma como as empresas gerem os seus ve\u00edculos e os seus recursos de mobilidade.<\/p><p>\u00c9 neste contexto que a Escrita Digital participa na <strong>14.\u00aa Confer\u00eancia Gest\u00e3o de Frotas \u2013 Estoril<\/strong>, que ter\u00e1 lugar no pr\u00f3ximo dia <strong>24 de novembro de 2026<\/strong>, no Centro de Congressos do Estoril.<\/p><p>Aguardamos pela vossa visita.<\/p><div>Para mais informa\u00e7\u00f5es sobre a Confer\u00eancia visite a <a href=\"https:\/\/conferenciagestaodefrotas.pt\/\"><span style=\"text-decoration: underline;\"><strong>p\u00e1gina do organizador<\/strong><\/span><\/a>.\u00a0\u00a0<\/div><\/div>\n\t\t\t\t<\/div>\n\t\t\t\t<\/div>\n\t\t\t\t\t\t<\/div>\n\t\t\t\t\t<\/div>\n\t\t<\/div>\n\t\t\t\t\t\t\t\t<\/div>\n\t\t\t\t\t<\/div>\n\t\t<\/section>\n\t\t\t\t\t\t<\/div>\n\t\t\t\t\t\t<\/div>\n\t\t\t\t\t<\/div>\n\t\t","protected":false},"excerpt":{"rendered":"<p>Esta \u00e9 a vers\u00e3o onde introduzimos o novo m\u00f3dulo de importa\u00e7\u00e3o de fatura\u00e7\u00e3o de fornecedores. <\/p>\n","protected":false},"author":3,"featured_media":8549,"comment_status":"closed","ping_status":"open","sticky":false,"template":"","format":"standard","meta":[],"categories":[1],"tags":[27],"yoast_head":"<!-- This site is optimized with the Yoast SEO plugin v15.1.1 - https:\/\/yoast.com\/wordpress\/plugins\/seo\/ -->\n<title>Escrita Digital e XRP na 14\u00aa Confer\u00eancia de Gest\u00e3o de Frotas | Escrita Digital<\/title>\n<meta name=\"robots\" content=\"index, follow, max-snippet:-1, max-image-preview:large, max-video-preview:-1\" \/>\n<link rel=\"canonical\" href=\"https:\/\/www.escritadigital.com\/site\/escrita-digital-e-xrp-na-14a-conferencia-de-gestao-de-frotas\/\" \/>\n<meta property=\"og:locale\" content=\"pt_PT\" \/>\n<meta property=\"og:type\" content=\"article\" \/>\n<meta property=\"og:title\" content=\"Escrita Digital e XRP na 14\u00aa Confer\u00eancia de Gest\u00e3o de Frotas | Escrita Digital\" \/>\n<meta property=\"og:description\" content=\"Esta \u00e9 a vers\u00e3o onde introduzimos o novo m\u00f3dulo de importa\u00e7\u00e3o de fatura\u00e7\u00e3o de fornecedores.\" \/>\n<meta property=\"og:url\" content=\"https:\/\/www.escritadigital.com\/site\/escrita-digital-e-xrp-na-14a-conferencia-de-gestao-de-frotas\/\" \/>\n<meta property=\"og:site_name\" content=\"Escrita Digital\" \/>\n<meta property=\"article:published_time\" content=\"2026-09-02T16:37:21+00:00\" \/>\n<meta property=\"article:modified_time\" content=\"2026-09-03T08:16:47+00:00\" \/>\n<meta property=\"og:image\" content=\"https:\/\/www.escritadigital.com\/Escrita\/wp-content\/uploads\/2026\/09\/14-a-Conferencia-Gestao-de-Frotas-News_website.png\" \/>\n\t<meta property=\"og:image:width\" content=\"1536\" \/>\n\t<meta property=\"og:image:height\" content=\"804\" \/>\n<meta name=\"twitter:card\" content=\"summary_large_image\" \/>\n<script type=\"application\/ld+json\" class=\"yoast-schema-graph\">{\"@context\":\"https:\/\/schema.org\",\"@graph\":[{\"@type\":\"Organization\",\"@id\":\"https:\/\/www.escritadigital.com\/site\/#organization\",\"name\":\"Escrita Digital\",\"url\":\"https:\/\/www.escritadigital.com\/site\/\",\"sameAs\":[],\"logo\":{\"@type\":\"ImageObject\",\"@id\":\"https:\/\/www.escritadigital.com\/site\/#logo\",\"inLanguage\":\"pt-PT\",\"url\":\"https:\/\/www.escritadigital.com\/Escrita\/wp-content\/uploads\/2020\/01\/escrita_digital_logo.svg\",\"width\":200,\"height\":55,\"caption\":\"Escrita Digital\"},\"image\":{\"@id\":\"https:\/\/www.escritadigital.com\/site\/#logo\"}},{\"@type\":\"WebSite\",\"@id\":\"https:\/\/www.escritadigital.com\/site\/#website\",\"url\":\"https:\/\/www.escritadigital.com\/site\/\",\"name\":\"Escrita Digital\",\"description\":\"Aplica\\u00e7\\u00f5es de Gest\\u00e3o\",\"publisher\":{\"@id\":\"https:\/\/www.escritadigital.com\/site\/#organization\"},\"potentialAction\":[{\"@type\":\"SearchAction\",\"target\":\"https:\/\/www.escritadigital.com\/site\/?s={search_term_string}\",\"query-input\":\"required name=search_term_string\"}],\"inLanguage\":\"pt-PT\"},{\"@type\":\"ImageObject\",\"@id\":\"https:\/\/www.escritadigital.com\/site\/escrita-digital-e-xrp-na-14a-conferencia-de-gestao-de-frotas\/#primaryimage\",\"inLanguage\":\"pt-PT\",\"url\":\"https:\/\/www.escritadigital.com\/Escrita\/wp-content\/uploads\/2026\/09\/14-a-Conferencia-Gestao-de-Frotas-News_website.png\",\"width\":1536,\"height\":804,\"caption\":\"14\\u00aaConfer\\u00eancia Gest\\u00e3o de Frotas\"},{\"@type\":\"WebPage\",\"@id\":\"https:\/\/www.escritadigital.com\/site\/escrita-digital-e-xrp-na-14a-conferencia-de-gestao-de-frotas\/#webpage\",\"url\":\"https:\/\/www.escritadigital.com\/site\/escrita-digital-e-xrp-na-14a-conferencia-de-gestao-de-frotas\/\",\"name\":\"Escrita Digital e XRP na 14\\u00aa Confer\\u00eancia de Gest\\u00e3o de Frotas | Escrita Digital\",\"isPartOf\":{\"@id\":\"https:\/\/www.escritadigital.com\/site\/#website\"},\"primaryImageOfPage\":{\"@id\":\"https:\/\/www.escritadigital.com\/site\/escrita-digital-e-xrp-na-14a-conferencia-de-gestao-de-frotas\/#primaryimage\"},\"datePublished\":\"2026-09-02T16:37:21+00:00\",\"dateModified\":\"2026-09-03T08:16:47+00:00\",\"breadcrumb\":{\"@id\":\"https:\/\/www.escritadigital.com\/site\/escrita-digital-e-xrp-na-14a-conferencia-de-gestao-de-frotas\/#breadcrumb\"},\"inLanguage\":\"pt-PT\",\"potentialAction\":[{\"@type\":\"ReadAction\",\"target\":[\"https:\/\/www.escritadigital.com\/site\/escrita-digital-e-xrp-na-14a-conferencia-de-gestao-de-frotas\/\"]}]},{\"@type\":\"BreadcrumbList\",\"@id\":\"https:\/\/www.escritadigital.com\/site\/escrita-digital-e-xrp-na-14a-conferencia-de-gestao-de-frotas\/#breadcrumb\",\"itemListElement\":[{\"@type\":\"ListItem\",\"position\":1,\"item\":{\"@type\":\"WebPage\",\"@id\":\"https:\/\/www.escritadigital.com\/site\/\",\"url\":\"https:\/\/www.escritadigital.com\/site\/\",\"name\":\"In\\u00edcio\"}},{\"@type\":\"ListItem\",\"position\":2,\"item\":{\"@type\":\"WebPage\",\"@id\":\"https:\/\/www.escritadigital.com\/site\/escrita-digital-e-xrp-na-14a-conferencia-de-gestao-de-frotas\/\",\"url\":\"https:\/\/www.escritadigital.com\/site\/escrita-digital-e-xrp-na-14a-conferencia-de-gestao-de-frotas\/\",\"name\":\"Escrita Digital e XRP na 14\\u00aa Confer\\u00eancia de Gest\\u00e3o de Frotas\"}}]},{\"@type\":\"Article\",\"@id\":\"https:\/\/www.escritadigital.com\/site\/escrita-digital-e-xrp-na-14a-conferencia-de-gestao-de-frotas\/#article\",\"isPartOf\":{\"@id\":\"https:\/\/www.escritadigital.com\/site\/escrita-digital-e-xrp-na-14a-conferencia-de-gestao-de-frotas\/#webpage\"},\"author\":{\"@id\":\"https:\/\/www.escritadigital.com\/site\/#\/schema\/person\/c0120fa398e1ae69f1fadf39abb6ae03\"},\"headline\":\"Escrita Digital e XRP na 14\\u00aa Confer\\u00eancia de Gest\\u00e3o de Frotas\",\"datePublished\":\"2026-09-02T16:37:21+00:00\",\"dateModified\":\"2026-09-03T08:16:47+00:00\",\"mainEntityOfPage\":{\"@id\":\"https:\/\/www.escritadigital.com\/site\/escrita-digital-e-xrp-na-14a-conferencia-de-gestao-de-frotas\/#webpage\"},\"publisher\":{\"@id\":\"https:\/\/www.escritadigital.com\/site\/#organization\"},\"image\":{\"@id\":\"https:\/\/www.escritadigital.com\/site\/escrita-digital-e-xrp-na-14a-conferencia-de-gestao-de-frotas\/#primaryimage\"},\"keywords\":\"XRP | Frota\",\"articleSection\":\"Not\\u00edcias\",\"inLanguage\":\"pt-PT\"},{\"@type\":\"Person\",\"@id\":\"https:\/\/www.escritadigital.com\/site\/#\/schema\/person\/c0120fa398e1ae69f1fadf39abb6ae03\",\"name\":\"Escrita\"}]}<\/script>\n<!-- \/ Yoast SEO plugin. -->","_links":{"self":[{"href":"https:\/\/www.escritadigital.com\/site\/wp-json\/wp\/v2\/posts\/8537"}],"collection":[{"href":"https:\/\/www.escritadigital.com\/site\/wp-json\/wp\/v2\/posts"}],"about":[{"href":"https:\/\/www.escritadigital.com\/site\/wp-json\/wp\/v2\/types\/post"}],"author":[{"embeddable":true,"href":"https:\/\/www.escritadigital.com\/site\/wp-json\/wp\/v2\/users\/3"}],"replies":[{"embeddable":true,"href":"https:\/\/www.escritadigital.com\/site\/wp-json\/wp\/v2\/comments?post=8537"}],"version-history":[{"count":6,"href":"https:\/\/www.escritadigital.com\/site\/wp-json\/wp\/v2\/posts\/8537\/revisions"}],"predecessor-version":[{"id":8548,"href":"https:\/\/www.escritadigital.com\/site\/wp-json\/wp\/v2\/posts\/8537\/revisions\/8548"}],"wp:featuredmedia":[{"embeddable":true,"href":"https:\/\/www.escritadigital.com\/site\/wp-json\/wp\/v2\/media\/8549"}],"wp:attachment":[{"href":"https:\/\/www.escritadigital.com\/site\/wp-json\/wp\/v2\/media?parent=8537"}],"wp:term":[{"taxonomy":"category","embeddable":true,"href":"https:\/\/www.escritadigital.com\/site\/wp-json\/wp\/v2\/categories?post=8537"},{"taxonomy":"post_tag","embeddable":true,"href":"https:\/\/www.escritadigital.com\/site\/wp-json\/wp\/v2\/tags?post=8537"}],"curies":[{"name":"wp","href":"https:\/\/api.w.org\/{rel}","templated":true}]}}